[{"@context":"https:\/\/schema.org\/","@type":"Article","@id":"https:\/\/www.humyo.cz\/foceni-mobilnim-telefonem\/#Article","mainEntityOfPage":"https:\/\/www.humyo.cz\/foceni-mobilnim-telefonem\/","headline":"Focen\u00ed mobiln\u00edm telefonem","name":"Focen\u00ed mobiln\u00edm telefonem","description":"Soci\u00e1ln\u00ed s\u00edt\u011b V\u00a0dne\u0161n\u00ed dob\u011b \u0159ada lid\u00ed pou\u017e\u00edv\u00e1 na mobiln\u00edch telefonech soci\u00e1ln\u00ed s\u00edt\u011b a sami na nich tvo\u0159\u00ed obsah. T\u0159eba takov\u00fd Instagram a \u0159ada dal\u0161\u00edch s\u00edt\u00ed jsou zam\u011b\u0159eny na fotografie a videa, tak\u017ee pro jejich tvorbu se hod\u00ed mobil s\u00a0dobr\u00fdm fotoapar\u00e1tem, p\u0159i\u010dem\u017e pro b\u011b\u017en\u00e9 vyu\u017eit\u00ed nemus\u00edme m\u00edt ani zrcadlov\u00fd fotoapar\u00e1t. Samoz\u0159ejm\u011b kdy\u017e u\u017e si zakoup\u00edme mobil&hellip;","datePublished":"2022-08-23","dateModified":"2023-05-02","author":{"@type":"Person","@id":"https:\/\/www.humyo.cz\/author\/#Person","name":"","url":"https:\/\/www.humyo.cz\/author\/","identifier":1,"image":{"@type":"ImageObject","@id":"https:\/\/secure.gravatar.com\/avatar\/03ef97ef22d1b0d07a8e6c50d88cc1823592c58a091286b466bcec36e31eaab2?s=96&d=mm&r=g","url":"https:\/\/secure.gravatar.com\/avatar\/03ef97ef22d1b0d07a8e6c50d88cc1823592c58a091286b466bcec36e31eaab2?s=96&d=mm&r=g","height":96,"width":96}},"publisher":{"@type":"Organization","name":"humyo.cz","logo":{"@type":"ImageObject","@id":"\/logo.png","url":"\/logo.png","width":600,"height":60}},"image":{"@type":"ImageObject","@id":"https:\/\/www.humyo.cz\/wp-content\/uploads\/wedding-4297343_960_720.jpg","url":"https:\/\/www.humyo.cz\/wp-content\/uploads\/wedding-4297343_960_720.jpg","height":0,"width":0},"url":"https:\/\/www.humyo.cz\/foceni-mobilnim-telefonem\/","about":["Mobil"],"wordCount":425,"articleBody":"Soci\u00e1ln\u00ed s\u00edt\u011bV\u00a0dne\u0161n\u00ed dob\u011b \u0159ada lid\u00ed pou\u017e\u00edv\u00e1 na mobiln\u00edch telefonech soci\u00e1ln\u00ed s\u00edt\u011b a sami na nich tvo\u0159\u00ed obsah. T\u0159eba takov\u00fd Instagram a \u0159ada dal\u0161\u00edch s\u00edt\u00ed jsou zam\u011b\u0159eny na fotografie a videa, tak\u017ee pro jejich tvorbu se hod\u00ed mobil s\u00a0dobr\u00fdm fotoapar\u00e1tem, p\u0159i\u010dem\u017e pro b\u011b\u017en\u00e9 vyu\u017eit\u00ed nemus\u00edme m\u00edt ani zrcadlov\u00fd fotoapar\u00e1t. Samoz\u0159ejm\u011b kdy\u017e u\u017e si zakoup\u00edme mobil na focen\u00ed, tak by m\u011bl m\u00edt dostate\u010dn\u00e9 parametry. Krom\u011b hlavn\u00edho fotoapar\u00e1tu se rozhodn\u011b hod\u00ed \u0161iroko\u00fahl\u00fd, proto\u017ee na n\u011bj m\u016f\u017eeme zabrat v\u011bt\u0161\u00ed prostor ze stejn\u00e9ho m\u00edsta.Av\u0161ak u zna\u010dn\u00e9 \u010d\u00e1sti t\u011bchto fotoapar\u00e1t\u016f se v\u00a0okraj\u00edch projevuje zhor\u0161en\u00e1 kvalita. D\u00e1le bychom se m\u011bli d\u00edvat na to, kolik m\u00e1 hlavn\u00ed fotoapar\u00e1t pixel\u016f. Krom\u011b hardwaru je to tak\u00e9 dost o softwaru. Ten se star\u00e1 t\u0159eba o stabilizaci. P\u0159eci jen p\u0159i focen\u00ed rukou se tato funkce hod\u00ed. D\u00e1le bychom si m\u011bli zjistit, jak mobil fot\u00ed za zhor\u0161en\u00fdch podm\u00ednek, proto\u017ee to u levn\u011bj\u0161\u00edch model\u016f b\u00fdv\u00e1 k\u00e1men \u00farazu.Spr\u00e1vn\u00e1 technikaI kdy\u017e maj\u00ed modern\u00ed mobily stabilizaci, tak jim to m\u016f\u017eeme usnadnit tak, \u017ee si op\u0159eme ruce, aby se n\u00e1m zbyte\u010dn\u011b nechv\u011bli. Usnadnit si focen\u00ed m\u016f\u017eeme tak, \u017ee budeme fotit ve vhodn\u00fdch podm\u00ednk\u00e1ch, a to nejl\u00e9pe za dostate\u010dn\u00e9ho sv\u011btla. Jak jej spr\u00e1vn\u011b nastavit? Prvn\u00ed mo\u017enost\u00ed je vybrat spr\u00e1vn\u00fd re\u017eim, co\u017e nen\u00ed nic n\u00e1ro\u010dn\u00e9ho a o focen\u00ed nemus\u00edme m\u00edt \u017e\u00e1dn\u00fd velk\u00fd p\u0159ehled. D\u00e1le je zde mo\u017enost nastavit si v\u0161emo\u017en\u00e9 parametry, p\u0159i\u010dem\u017e zde u\u017e o nich mus\u00edme n\u011bco v\u011bd\u011bt, abychom je pro danou situaci nastavili spr\u00e1vn\u011b.Z\u00e1rove\u0148 mus\u00edme po\u010d\u00edtat s\u00a0t\u00edm, \u017ee st\u00e1le m\u00e1me v\u00a0ruce mobil, a ne fotoapar\u00e1t za spoustu pen\u011bz. A proto p\u0159i digit\u00e1ln\u00edm p\u0159ibl\u00ed\u017een\u00ed kvalita obrazu kles\u00e1, a proto to s\u00a0n\u00edm nem\u016f\u017eeme moc p\u0159eh\u00e1n\u011bt. Samoz\u0159ejm\u011b \u010d\u00edm d\u00e9le budeme ze sv\u00fdm mobilem pracovat, tak t\u00edm lep\u0161\u00edch v\u00fdsledk\u016f dos\u00e1hneme. Jakmile m\u00e1me vyfoceno, tak potom p\u0159ich\u00e1z\u00ed druh\u00e1 \u010d\u00e1st, a to \u00faprava ve vhodn\u00e9m editoru, \u010d\u00edm\u017e ji je\u0161t\u011b v\u00edce zlep\u0161\u00edme.                                                                                                                                                                                                                                                                                                                                                                                        3.2\/5 - (9 votes)        "},{"@context":"https:\/\/schema.org\/","@type":"BreadcrumbList","itemListElement":[{"@type":"ListItem","position":1,"name":"Focen\u00ed mobiln\u00edm telefonem","item":"https:\/\/www.humyo.cz\/foceni-mobilnim-telefonem\/#breadcrumbitem"}]}]