[{"@context":"https:\/\/schema.org\/","@type":"Article","@id":"https:\/\/www.humyo.cz\/zacnete-setrit-zivotni-prostredi-i-vy\/#Article","mainEntityOfPage":"https:\/\/www.humyo.cz\/zacnete-setrit-zivotni-prostredi-i-vy\/","headline":"Za\u010dn\u011bte \u0161et\u0159it \u017eivotn\u00ed prost\u0159ed\u00ed i vy!","name":"Za\u010dn\u011bte \u0161et\u0159it \u017eivotn\u00ed prost\u0159ed\u00ed i vy!","description":"P\u00e9\u010de o \u017eivotn\u00ed prost\u0159ed\u00ed je sou\u010dasn\u00fd trend a k \u0161etrn\u011bj\u0161\u00edmu \u017eivotn\u00edmu stylu jsme nab\u00e1d\u00e1ni ze v\u0161ech stran. Pravdou je, \u017ee n\u011bkdy tyto rady mohou p\u016fsobit a\u017e agresivn\u011b, vzbuzuj\u00ed p\u0159ehnan\u00fd strach a \u0159adu lid\u00ed od toho, za\u010d\u00edt n\u011bco pro p\u0159\u00edrodu d\u011blat, sp\u00ed\u0161e odrad\u00ed. V\u0161ichni se v\u0161ak nejsp\u00ed\u0161 shodneme, \u017ee bychom o planetu Zemi m\u011bli pe\u010dovat. Nemus\u00edte&hellip;","datePublished":"2019-08-15","dateModified":"2023-05-02","author":{"@type":"Person","@id":"https:\/\/www.humyo.cz\/author\/#Person","name":"","url":"https:\/\/www.humyo.cz\/author\/","identifier":1,"image":{"@type":"ImageObject","@id":"https:\/\/secure.gravatar.com\/avatar\/03ef97ef22d1b0d07a8e6c50d88cc1823592c58a091286b466bcec36e31eaab2?s=96&d=mm&r=g","url":"https:\/\/secure.gravatar.com\/avatar\/03ef97ef22d1b0d07a8e6c50d88cc1823592c58a091286b466bcec36e31eaab2?s=96&d=mm&r=g","height":96,"width":96}},"publisher":{"@type":"Organization","name":"humyo.cz","logo":{"@type":"ImageObject","@id":"\/logo.png","url":"\/logo.png","width":600,"height":60}},"image":{"@type":"ImageObject","@id":"https:\/\/www.humyo.cz\/wp-content\/uploads\/img_a352657_w3752_t1567105425.jpg","url":"https:\/\/www.humyo.cz\/wp-content\/uploads\/img_a352657_w3752_t1567105425.jpg","height":0,"width":0},"url":"https:\/\/www.humyo.cz\/zacnete-setrit-zivotni-prostredi-i-vy\/","about":["Lifestyle"],"wordCount":406,"articleBody":"P\u00e9\u010de o \u017eivotn\u00ed prost\u0159ed\u00ed je sou\u010dasn\u00fd trend a k \u0161etrn\u011bj\u0161\u00edmu \u017eivotn\u00edmu stylu jsme nab\u00e1d\u00e1ni ze v\u0161ech stran. Pravdou je, \u017ee n\u011bkdy tyto rady mohou p\u016fsobit a\u017e agresivn\u011b, vzbuzuj\u00ed p\u0159ehnan\u00fd strach a \u0159adu lid\u00ed od toho, za\u010d\u00edt n\u011bco pro p\u0159\u00edrodu d\u011blat, sp\u00ed\u0161e odrad\u00ed. V\u0161ichni se v\u0161ak nejsp\u00ed\u0161 shodneme, \u017ee bychom o planetu Zemi m\u011bli pe\u010dovat. Nemus\u00edte proto hned vyhazovat oble\u010den\u00ed z velk\u00fdch \u0159et\u011bzc\u016f a vzd\u00e1vat se masa. Sta\u010d\u00ed nap\u0159\u00edklad nad n\u00e1kupem v\u00edce p\u0159em\u00fd\u0161let, zjistit, co doopravdy pot\u0159ebujeme a za\u010d\u00edt pozvolna. Ve fin\u00e1le nav\u00edc nejsp\u00ed\u0161 zjist\u00edte, \u017ee \u0161et\u0159\u00edte nejen p\u0159\u00edrodu, ale i sv\u00e9 pen\u00edze.\u00a0\u00a0Zbavte se igelitek\u00c9ra igelitov\u00fdch ta\u0161ek, kter\u00e9 jsme si tak zamilovali v 90. letech a na za\u010d\u00e1tku nov\u00e9ho tis\u00edcilet\u00ed, je definitivn\u011b pry\u010d. Zat\u00edmco d\u0159\u00edve se rozd\u00e1valy k n\u00e1kupu zadarmo, dnes jsou ji\u017e zpoplatn\u011bn\u00e9, a pokud si spo\u010d\u00edt\u00e1te, kolik pen\u011bz byste m\u011bs\u00ed\u010dn\u011b za st\u00e1le nov\u00e9 a nov\u00e9 igelitky v obchodech nechali, rychle dojdete k proz\u0159en\u00ed, \u017ee l\u00e1tkov\u00e9 nebo jin\u00e9 znovupou\u017eiteln\u00e9 n\u00e1kupn\u00ed ta\u0161ky se prost\u011b vyplat\u00ed. A nav\u00edc, ruku na srdce, vypadaj\u00ed daleko stylov\u011bji.\u00a0\u00a0Pot\u0159ebujeme na to s\u00e1\u010dek?Snad je\u0161t\u011b hor\u0161\u00ed ne\u017e igelitky jsou z ekologick\u00e9ho hlediska mikrotenov\u00e9 s\u00e1\u010dky, kter\u00e9 u\u017e nen\u00ed mo\u017en\u00e9 znovu zrecyklovat. Myslete na to p\u0159\u00ed\u0161t\u011b, a\u017e si do jednoho takov\u00e9ho hod\u00edte v obchod\u011b papriku, do dal\u0161\u00edho trs ban\u00e1n\u016f a do t\u0159et\u00edho chleba. Skv\u011blou alternativou jsou l\u00e1tkov\u00e9 s\u00e1\u010dky na pe\u010divo a tak\u00e9 \u201cfrusacky\u201d, neboli ta\u0161ky na ovoce a zeleninu. Jsou lehk\u00e9, tak\u017ee v\u00e1m gramy na v\u00e1ze k ovoci nep\u0159idaj\u00ed, vydr\u017e\u00ed opravdu dlouho, jsou ekologick\u00e9, a nav\u00edc v nich nakoupen\u00e9 potraviny mohou \u201cd\u00fdchat\u201d.\u00a0\u00a0\u0160et\u0159\u00edme voduNedostatek vody a sucho je tak\u00e9 \u010dasto diskutovan\u00fdm t\u00e9matem sou\u010dasnosti. Pokud za\u010dnete vodou \u0161et\u0159it, pot\u011b\u0161\u00edte nejen p\u0159\u00edrodu, ale tak\u00e9 rodinn\u00fd rozpo\u010det. Sta\u010d\u00ed t\u0159eba vyp\u00ednat vodu b\u011bhem sprchov\u00e1n\u00ed ve chv\u00edli, kdy se mydl\u00edme sprchov\u00fdm gelem \u010di \u0161amponem, nenech\u00e1vat ji zaplou po dobu, kdy si \u010dist\u00edme zuby, nebo omezit dlouh\u00e9 sprchov\u00e1n\u00ed a \u010dast\u00e9 hork\u00e9 koupele.                                                                                                                                                                                                                                                                                                                                                                                        4\/5 - (12 votes)        "},{"@context":"https:\/\/schema.org\/","@type":"BreadcrumbList","itemListElement":[{"@type":"ListItem","position":1,"name":"Za\u010dn\u011bte \u0161et\u0159it \u017eivotn\u00ed prost\u0159ed\u00ed i vy!","item":"https:\/\/www.humyo.cz\/zacnete-setrit-zivotni-prostredi-i-vy\/#breadcrumbitem"}]}]